{"id":1855,"date":"2025-07-14T16:40:26","date_gmt":"2025-07-14T14:40:26","guid":{"rendered":"https:\/\/fluss-frau.com\/?p=1855"},"modified":"2025-07-14T16:40:26","modified_gmt":"2025-07-14T14:40:26","slug":"kapelle-auf-thur-insel","status":"publish","type":"post","link":"https:\/\/fluss-frau.com\/?p=1855","title":{"rendered":"Kapelle auf Thur-Insel"},"content":{"rendered":"\n<p class=\"has-text-color has-link-color has-medium-font-size wp-elements-37a46b620e36239956999f6bf1f28958\" style=\"color:#1930e8\"><strong>Bild des Tages 10. Juli 2025:<\/strong><\/p>\n\n\n\n<figure class=\"wp-block-image size-full\"><a href=\"https:\/\/fluss-frau.com\/wp-content\/uploads\/2025\/07\/Kapelle-auf-Thur-Insel.jpg\"><img loading=\"lazy\" decoding=\"async\" width=\"640\" height=\"480\" src=\"https:\/\/fluss-frau.com\/wp-content\/uploads\/2025\/07\/Kapelle-auf-Thur-Insel.jpg\" alt=\"\" class=\"wp-image-1856\" srcset=\"https:\/\/fluss-frau.com\/wp-content\/uploads\/2025\/07\/Kapelle-auf-Thur-Insel.jpg 640w, https:\/\/fluss-frau.com\/wp-content\/uploads\/2025\/07\/Kapelle-auf-Thur-Insel-300x225.jpg 300w\" sizes=\"auto, (max-width: 640px) 100vw, 640px\" \/><\/a><\/figure>\n\n\n\n<p class=\"has-text-color has-link-color wp-elements-d9bb0ebeb63d02d9cef71ace1a16e724\" style=\"color:#1930e8\">Auf meiner Etappe von Krummenau nach Nesslau komme ich an einer vertr\u00e4umt gelegenen Thur-Insel vorbei, auf der eine Kapelle steht.<\/p>\n\n\n\n<p class=\"has-text-color has-link-color wp-elements-b98f25cc32d8c8f2c7e0d49e324d7c0e\" style=\"color:#1930e8\"><\/p>\n\n\n\n<p class=\"has-text-color has-link-color wp-elements-5f873ccbdb29109f89fa3cd635f488b9\" style=\"color:#1930e8\">Mehr \u00fcber die Thur auf:<\/p>\n\n\n\n<p class=\"has-text-color has-link-color wp-elements-635a996cd8c60114f262e0490b976c83\" style=\"color:#1930e8\"><a href=\"https:\/\/www.fluss-frau.ch\/thur_remake.html\">Thur_Remake<\/a><\/p>\n\n\n\n<p class=\"has-text-color has-link-color wp-elements-b98f25cc32d8c8f2c7e0d49e324d7c0e\" style=\"color:#1930e8\"><\/p>\n\n\n\n<p class=\"has-text-color has-link-color wp-elements-865f10e24cdf116612743dc972bb854a\" style=\"color:#1930e8\">Zur\u00fcck auf:<\/p>\n\n\n\n<p class=\"has-text-color has-link-color wp-elements-aa574af310f6a0f2f358171c4d06d908\" style=\"color:#1930e8\"><a href=\"https:\/\/www.fluss-frau.ch\/\">Startseite<\/a><\/p>\n","protected":false},"excerpt":{"rendered":"<p>Bild des Tages 10. Juli 2025: Auf meiner Etappe von Krummenau nach Nesslau komme ich an einer vertr\u00e4umt gelegenen Thur-Insel vorbei, auf der eine Kapelle steht. Mehr \u00fcber die Thur auf: Thur_Remake Zur\u00fcck auf: Startseite<\/p>\n","protected":false},"author":1,"featured_media":0,"comment_status":"closed","ping_status":"closed","sticky":false,"template":"","format":"standard","meta":{"footnotes":""},"categories":[1],"tags":[],"class_list":["post-1855","post","type-post","status-publish","format-standard","hentry","category-uncategorized"],"_links":{"self":[{"href":"https:\/\/fluss-frau.com\/index.php?rest_route=\/wp\/v2\/posts\/1855","targetHints":{"allow":["GET"]}}],"collection":[{"href":"https:\/\/fluss-frau.com\/index.php?rest_route=\/wp\/v2\/posts"}],"about":[{"href":"https:\/\/fluss-frau.com\/index.php?rest_route=\/wp\/v2\/types\/post"}],"author":[{"embeddable":true,"href":"https:\/\/fluss-frau.com\/index.php?rest_route=\/wp\/v2\/users\/1"}],"replies":[{"embeddable":true,"href":"https:\/\/fluss-frau.com\/index.php?rest_route=%2Fwp%2Fv2%2Fcomments&post=1855"}],"version-history":[{"count":1,"href":"https:\/\/fluss-frau.com\/index.php?rest_route=\/wp\/v2\/posts\/1855\/revisions"}],"predecessor-version":[{"id":1857,"href":"https:\/\/fluss-frau.com\/index.php?rest_route=\/wp\/v2\/posts\/1855\/revisions\/1857"}],"wp:attachment":[{"href":"https:\/\/fluss-frau.com\/index.php?rest_route=%2Fwp%2Fv2%2Fmedia&parent=1855"}],"wp:term":[{"taxonomy":"category","embeddable":true,"href":"https:\/\/fluss-frau.com\/index.php?rest_route=%2Fwp%2Fv2%2Fcategories&post=1855"},{"taxonomy":"post_tag","embeddable":true,"href":"https:\/\/fluss-frau.com\/index.php?rest_route=%2Fwp%2Fv2%2Ftags&post=1855"}],"curies":[{"name":"wp","href":"https:\/\/api.w.org\/{rel}","templated":true}]}}